{"id":2299,"date":"2026-08-31T00:01:13","date_gmt":"2026-08-30T22:01:13","guid":{"rendered":"https:\/\/obrados.es\/?p=2299"},"modified":"2026-08-31T00:01:13","modified_gmt":"2026-08-30T22:01:13","slug":"proteccion-datos-ite","status":"publish","type":"post","link":"https:\/\/obrados.es\/?p=2299","title":{"rendered":"Protecci\u00f3n de datos en la gesti\u00f3n digital de ITE comunitarias"},"content":{"rendered":"<div class=\"post-content\">\n<style>.post-content{font-family:Arial,sans-serif;color:#333;line-height:1.6;} .post-content h1{font-size:2em;margin-bottom:0.5em;} .post-content h2{font-size:1.5em;margin-top:1em;} .post-content h3{font-size:1.2em;margin-top:0.8em;} .post-content ul,ol{margin:0.5em 0 0.5em 1.5em;} .post-content li{margin-bottom:0.3em;}<\/style>\n<h1>Protecci\u00f3n de datos en la gesti\u00f3n digital de ITE comunitarias<\/h1>\n<p>La digitalizaci\u00f3n de la Inspecci\u00f3n T\u00e9cnica de Edificios (ITE) en las comunidades de propietarios ha agilizado tr\u00e1mites, mejorado la accesibilidad a la informaci\u00f3n y reducido el papeleo. Sin embargo, trasladar al entorno digital datos de los vecinos, documentos t\u00e9cnicos y fotograf\u00edas de inmuebles implica un reto: garantizar la privacidad y la seguridad de esa informaci\u00f3n sensible. Un fallo de protecci\u00f3n puede derivar no solo en sanciones econ\u00f3micas, sino en p\u00e9rdida de confianza y reputaci\u00f3n para la comunidad y los profesionales implicados. En este art\u00edculo exploramos por qu\u00e9 la protecci\u00f3n de datos es esencial en la gesti\u00f3n digital de ITE comunitarias, qu\u00e9 obligaciones legales existen, qu\u00e9 buenas pr\u00e1cticas aplicar y c\u00f3mo ponerlas en marcha con un ejemplo pr\u00e1ctico.<\/p>\n<h2>\u00bfPor qu\u00e9 es clave la protecci\u00f3n de datos en las ITE comunitarias digitales?<\/h2>\n<ol>\n<li><strong>Naturaleza sensible de la informaci\u00f3n<\/strong>\n<ul>\n<li>Datos de identificaci\u00f3n: nombres, DNI\/NIE, direcciones y tel\u00e9fonos de los propietarios.<\/li>\n<li>Fotograf\u00edas y planos del edificio, a veces con referencias internas que pueden facilitar la localizaci\u00f3n y caracter\u00edsticas de las viviendas.<\/li>\n<li>Informes t\u00e9cnicos y certificados que revelan deficiencias, reparaciones previstas o datos econ\u00f3micos de la comunidad.<\/li>\n<\/ul>\n<\/li>\n<li><strong>Multiplicidad de actores<\/strong>\n<ul>\n<li>La comunidad de propietarios, que act\u00faa como responsable del tratamiento.<\/li>\n<li>El administrador de fincas (encargado o co-responsable).<\/li>\n<li>T\u00e9cnicos e ingenieros que elaboran la ITE.<\/li>\n<li>Empresas de mantenimiento, reparaciones o software que alojan y procesan los datos.<\/li>\n<\/ul>\n<\/li>\n<li><strong>Riesgos en caso de filtraci\u00f3n<\/strong>\n<ul>\n<li>Suplantaci\u00f3n de identidad o fraudes dirigidos a los vecinos.<\/li>\n<li>Uso indebido de la informaci\u00f3n para acceso no autorizado a viviendas.<\/li>\n<li>Sanciones administrativas por incumplimiento del Reglamento General de Protecci\u00f3n de Datos (GDPR) y la Ley Org\u00e1nica 3\/2018 (LOPDGDD).<\/li>\n<\/ul>\n<\/li>\n<\/ol>\n<h2>Principales retos y obligaciones legales<\/h2>\n<ol>\n<li><strong>Cumplimiento normativo<\/strong>\n<ul>\n<li>GDPR (Reglamento Europeo 2016\/679): exige transparencia, legitimidad, minimizaci\u00f3n y seguridad en el tratamiento de datos personales.<\/li>\n<li>LOPDGDD: concreta y adapta el GDPR al contexto espa\u00f1ol, regula las infracciones y sanciones.<\/li>\n<\/ul>\n<\/li>\n<li><strong>Definici\u00f3n de roles<\/strong>\n<ul>\n<li>Responsable del tratamiento: normalmente la comunidad de propietarios. Debe adoptar decisiones clave sobre los datos.<\/li>\n<li>Encargado del tratamiento: administrador de fincas o proveedor de software contratado para gestionar la ITE. Act\u00faa seg\u00fan instrucciones del responsable y firma un contrato espec\u00edfico.<\/li>\n<\/ul>\n<\/li>\n<li><strong>Documentaci\u00f3n y registros<\/strong>\n<ul>\n<li>Registro de actividades de tratamiento: describir qu\u00e9 datos se procesan, con qu\u00e9 finalidad y durante cu\u00e1nto tiempo.<\/li>\n<li>Evaluaci\u00f3n de Impacto en la Protecci\u00f3n de Datos (DPIA): obligatoria si el tratamiento es de alto riesgo (por ejemplo, si hay perfiles de salud en informes o sistemas de videovigilancia en el edificio).<\/li>\n<\/ul>\n<\/li>\n<\/ol>\n<h2>Buenas pr\u00e1cticas para garantizar la seguridad de la informaci\u00f3n<\/h2>\n<h3>Consentimiento y derechos de los propietarios<\/h3>\n<ul>\n<li>Informar de forma clara y accesible: el bolet\u00edn o comunicado digital debe explicar la finalidad del tratamiento, el plazo de conservaci\u00f3n y los derechos (acceso, rectificaci\u00f3n, supresi\u00f3n, oposici\u00f3n, limitaci\u00f3n).<\/li>\n<li>Obtener el consentimiento cuando se trate de datos especialmente protegidos (salud, origen racial, convicciones).<\/li>\n<li>Facilitar canales para ejercer derechos: correo electr\u00f3nico, plataforma web o buz\u00f3n f\u00edsico en la sede de la comunidad.<\/li>\n<\/ul>\n<h3>Medidas t\u00e9cnicas<\/h3>\n<ol>\n<li><strong>Cifrado de datos<\/strong>\n<ul>\n<li>Almacenar bases de datos y documentos en repositorios cifrados, con protocolos SSL\/TLS en las conexiones.<\/li>\n<\/ul>\n<\/li>\n<li><strong>Control de acceso<\/strong>\n<ul>\n<li>Usuarios y contrase\u00f1as \u00fanicas para cada administrador o t\u00e9cnico.<\/li>\n<li>Sistemas de autenticaci\u00f3n de dos factores (2FA) para accesos remotos.<\/li>\n<\/ul>\n<\/li>\n<li><strong>Copias de seguridad y recuperaci\u00f3n<\/strong>\n<ul>\n<li>Plan de backup autom\u00e1tico, con al menos una copia fuera de las instalaciones.<\/li>\n<li>Pruebas peri\u00f3dicas de restauraci\u00f3n para garantizar la integridad de los datos.<\/li>\n<\/ul>\n<\/li>\n<li><strong>Actualizaciones y parches<\/strong>\n<ul>\n<li>Mantener actualizados los sistemas operativos, aplicaciones de gesti\u00f3n ITE y antivirus.<\/li>\n<\/ul>\n<\/li>\n<\/ol>\n<h3>Medidas organizativas<\/h3>\n<ol>\n<li><strong>Pol\u00edticas de uso aceptable<\/strong>\n<ul>\n<li>Definir claramente qui\u00e9n puede consultar, modificar o eliminar datos.<\/li>\n<li>Prohibir el almacenamiento en dispositivos personales no autorizados.<\/li>\n<\/ul>\n<\/li>\n<li><strong>Formaci\u00f3n y concienciaci\u00f3n<\/strong>\n<ul>\n<li>Sesiones peri\u00f3dicas con administradores, porteros y t\u00e9cnicos sobre riesgos de phishing y buenas pr\u00e1cticas.<\/li>\n<\/ul>\n<\/li>\n<li><strong>Protocolo de respuesta a incidentes<\/strong>\n<ul>\n<li>Identificar, contener y notificar brechas de seguridad en un plazo m\u00e1ximo de 72 horas (a la AEPD y a los afectados, si procede).<\/li>\n<\/ul>\n<\/li>\n<\/ol>\n<h2>Ejemplo pr\u00e1ctico de implementaci\u00f3n en una comunidad<\/h2>\n<p>La comunidad \u00abEdificio Jard\u00edn\u00bb decide digitalizar su pr\u00f3xima ITE a trav\u00e9s de la plataforma \u00abIteCloud\u00bb. Pasos a seguir:<\/p>\n<ol>\n<li>Nombrar un responsable interno: el presidente de la comunidad recibe formaci\u00f3n sobre protecci\u00f3n de datos.<\/li>\n<li>Contratar a \u00abIteCloud\u00bb mediante un contrato encargado de tratamiento que describa obligaciones: cifrado, copias de seguridad, confidencialidad.<\/li>\n<li>Elaborar un registro de actividades: se detalla que se recogen datos de identificaci\u00f3n, fotograf\u00edas del edificio y datos de accesibilidad.<\/li>\n<li>Enviar a los vecinos una comunicaci\u00f3n informativa: finalidad del tratamiento, plazos y derechos. Obtener consentimiento para el uso de im\u00e1genes en la nube.<\/li>\n<li>Configurar la plataforma:\n<ul>\n<li>Asignar roles (administrador, t\u00e9cnico, lector de informes).<\/li>\n<li>Habilitar la autenticaci\u00f3n de dos factores.<\/li>\n<\/ul>\n<\/li>\n<li>Realizar copias de seguridad diarias y verificar restauraciones mensuales.<\/li>\n<li>Al finalizar la ITE, archivar la documentaci\u00f3n en \u00abIteCloud\u00bb durante el plazo legal (5 a\u00f1os) y luego proceder a su supresi\u00f3n segura.<\/li>\n<\/ol>\n<h2>Conclusi\u00f3n<\/h2>\n<p>La gesti\u00f3n digital de la ITE comunitaria ofrece eficiencia y ahorro de tiempo, pero sin un enfoque serio en protecci\u00f3n de datos puede convertirse en un riesgo legal y reputacional. Cumplir con el GDPR y la LOPDGDD, definir roles claros, aplicar medidas t\u00e9cnicas y organizativas, y formar a todos los implicados es la ruta para minimizar vulnerabilidades. Como llamada a la acci\u00f3n, revisa tu actual protocolo de ITE: \u00bftienes un registro de actividades? \u00bfContratas a proveedores con garant\u00edas de seguridad? \u00bfInformas adecuadamente a los vecinos? Si la respuesta es \u00abno\u00bb o \u00abno lo s\u00e9\u00bb, pon en marcha hoy mismo una auditor\u00eda de protecci\u00f3n de datos y blinda la informaci\u00f3n de tu comunidad.<\/p>\n<\/div>\n","protected":false},"excerpt":{"rendered":"<p>Protecci\u00f3n de datos en gesti\u00f3n digital de ITE comunitarias: cumpla normativas, evite sanciones y garantice privacidad segura.<\/p>\n","protected":false},"author":3,"featured_media":2079,"comment_status":"closed","ping_status":"closed","sticky":false,"template":"","format":"standard","meta":{"_uag_custom_page_level_css":"","site-sidebar-layout":"default","site-content-layout":"","ast-site-content-layout":"default","site-content-style":"default","site-sidebar-style":"default","ast-global-header-display":"","ast-banner-title-visibility":"","ast-main-header-display":"","ast-hfb-above-header-display":"","ast-hfb-below-header-display":"","ast-hfb-mobile-header-display":"","site-post-title":"","ast-breadcrumbs-content":"","ast-featured-img":"","footer-sml-layout":"","ast-disable-related-posts":"","theme-transparent-header-meta":"","adv-header-id-meta":"","stick-header-meta":"","header-above-stick-meta":"","header-main-stick-meta":"","header-below-stick-meta":"","astra-migrate-meta-layouts":"default","ast-page-background-enabled":"default","ast-page-background-meta":{"desktop":{"background-color":"var(--ast-global-color-4)","background-image":"","background-repeat":"repeat","background-position":"center center","background-size":"auto","background-attachment":"scroll","background-type":"","background-media":"","overlay-type":"","overlay-color":"","overlay-opacity":"","overlay-gradient":""},"tablet":{"background-color":"","background-image":"","background-repeat":"repeat","background-position":"center center","background-size":"auto","background-attachment":"scroll","background-type":"","background-media":"","overlay-type":"","overlay-color":"","overlay-opacity":"","overlay-gradient":""},"mobile":{"background-color":"","background-image":"","background-repeat":"repeat","background-position":"center center","background-size":"auto","background-attachment":"scroll","background-type":"","background-media":"","overlay-type":"","overlay-color":"","overlay-opacity":"","overlay-gradient":""}},"ast-content-background-meta":{"desktop":{"background-color":"var(--ast-global-color-5)","background-image":"","background-repeat":"repeat","background-position":"center center","background-size":"auto","background-attachment":"scroll","background-type":"","background-media":"","overlay-type":"","overlay-color":"","overlay-opacity":"","overlay-gradient":""},"tablet":{"background-color":"var(--ast-global-color-5)","background-image":"","background-repeat":"repeat","background-position":"center center","background-size":"auto","background-attachment":"scroll","background-type":"","background-media":"","overlay-type":"","overlay-color":"","overlay-opacity":"","overlay-gradient":""},"mobile":{"background-color":"var(--ast-global-color-5)","background-image":"","background-repeat":"repeat","background-position":"center center","background-size":"auto","background-attachment":"scroll","background-type":"","background-media":"","overlay-type":"","overlay-color":"","overlay-opacity":"","overlay-gradient":""}},"_joinchat":[],"footnotes":""},"categories":[30,31],"tags":[],"class_list":["post-2299","post","type-post","status-publish","format-standard","has-post-thumbnail","hentry","category-ite-iee","category-servicios-comunidades-vecinos"],"uagb_featured_image_src":{"full":["https:\/\/obrados.es\/wp-content\/uploads\/2026\/01\/Servicios-integrales-para-comunidades-de-vecinos-12.jpg",425,295,false],"thumbnail":["https:\/\/obrados.es\/wp-content\/uploads\/2026\/01\/Servicios-integrales-para-comunidades-de-vecinos-12-150x150.jpg",150,150,true],"medium":["https:\/\/obrados.es\/wp-content\/uploads\/2026\/01\/Servicios-integrales-para-comunidades-de-vecinos-12-300x208.jpg",300,208,true],"medium_large":["https:\/\/obrados.es\/wp-content\/uploads\/2026\/01\/Servicios-integrales-para-comunidades-de-vecinos-12.jpg",425,295,false],"large":["https:\/\/obrados.es\/wp-content\/uploads\/2026\/01\/Servicios-integrales-para-comunidades-de-vecinos-12.jpg",425,295,false],"1536x1536":["https:\/\/obrados.es\/wp-content\/uploads\/2026\/01\/Servicios-integrales-para-comunidades-de-vecinos-12.jpg",425,295,false],"2048x2048":["https:\/\/obrados.es\/wp-content\/uploads\/2026\/01\/Servicios-integrales-para-comunidades-de-vecinos-12.jpg",425,295,false]},"uagb_author_info":{"display_name":"Alvaro","author_link":"https:\/\/obrados.es\/author\/obrados"},"uagb_comment_info":0,"uagb_excerpt":"Protecci\u00f3n de datos en gesti\u00f3n digital de ITE comunitarias: cumpla normativas, evite sanciones y garantice privacidad segura.","_links":{"self":[{"href":"https:\/\/obrados.es\/index.php?rest_route=\/wp\/v2\/posts\/2299","targetHints":{"allow":["GET"]}}],"collection":[{"href":"https:\/\/obrados.es\/index.php?rest_route=\/wp\/v2\/posts"}],"about":[{"href":"https:\/\/obrados.es\/index.php?rest_route=\/wp\/v2\/types\/post"}],"author":[{"embeddable":true,"href":"https:\/\/obrados.es\/index.php?rest_route=\/wp\/v2\/users\/3"}],"replies":[{"embeddable":true,"href":"https:\/\/obrados.es\/index.php?rest_route=%2Fwp%2Fv2%2Fcomments&post=2299"}],"version-history":[{"count":0,"href":"https:\/\/obrados.es\/index.php?rest_route=\/wp\/v2\/posts\/2299\/revisions"}],"wp:featuredmedia":[{"embeddable":true,"href":"https:\/\/obrados.es\/index.php?rest_route=\/wp\/v2\/media\/2079"}],"wp:attachment":[{"href":"https:\/\/obrados.es\/index.php?rest_route=%2Fwp%2Fv2%2Fmedia&parent=2299"}],"wp:term":[{"taxonomy":"category","embeddable":true,"href":"https:\/\/obrados.es\/index.php?rest_route=%2Fwp%2Fv2%2Fcategories&post=2299"},{"taxonomy":"post_tag","embeddable":true,"href":"https:\/\/obrados.es\/index.php?rest_route=%2Fwp%2Fv2%2Ftags&post=2299"}],"curies":[{"name":"wp","href":"https:\/\/api.w.org\/{rel}","templated":true}]}}